{"id":2348,"date":"2019-07-13T18:00:41","date_gmt":"2019-07-13T16:00:41","guid":{"rendered":"http:\/\/www.foorevent.it\/2019\/07\/wedding-verona-valpolicella-emiran-e-serra\/"},"modified":"2022-09-04T12:38:35","modified_gmt":"2022-09-04T10:38:35","slug":"wedding-verona-valpolicella-emiran-e-serra","status":"publish","type":"post","link":"http:\/\/www.foorevent.it\/en\/2019\/07\/wedding-verona-valpolicella-emiran-e-serra\/","title":{"rendered":"Serra e Emirhan"},"content":{"rendered":"\n<figure class=\"wp-block-video\"><video controls poster=\"http:\/\/www.foorevent.it\/wp-content\/uploads\/2019\/07\/wedding-verona-valpolicella-Emiran-e-Serra-anteprima-video.jpg\" src=\"http:\/\/www.foorevent.it\/media\/Serra_Emirhan_Villa_Rizzardi_Verona_Italy.mp4\"><\/video><\/figure>\n\n\n\n<p>For Emirhan and Serra, a young couple from Istanbul, we designed an event which blended together the true flavor of <strong>Fellini&#8217;s Dolce Vita<\/strong> \u2026 with the touch of <strong>glamor<\/strong> that distinguishes these young spouses in whose love different nationalities meet: Turkish, Mexican, French \u2026 In short, a true international event.<\/p>\n\n\n\n<p>Their magical set was the beautiful city of <strong>Verona, the city of Love<\/strong> par excellence!<\/p>\n\n\n\n<p>Three days of celebrations began with a <strong>&#8220;Welcome dinner&#8221;<\/strong> at the Antico Caff\u00e8 Dante in one of the most evocative locations in the city: Piazza dei Signori, which for this occasion became the private lounge where this young Turkish couple welcomed their friends.<\/p>\n\n\n\n<p>After dinner, the guests took a short stroll through cobbled streets towards the <strong>Arena<\/strong> where they attended a performance of Aida, one of <strong>Giuseppe Verdi&#8217;s greatest operas<\/strong> in an Amphitheater that is almost 2000 years old\u2026 an unforgettable show!<\/p>\n\n\n\n<p>The wedding day was a whirlwind of emotions: The first look of the newlyweds at the <strong>sixteenth-century Villa<\/strong> surrounded by the vineyards of <strong>Valpolicella<\/strong> that we procured as a home for Emirhan and Serra and all their family and friends \u2026<\/p>\n\n\n\n<p>Then, <strong>arriving as a surprise<\/strong> for our Bride and Groom, our couple were chauffeur-driven in an Alvis Ta 21, a truly royal vintage car, to the Venetian Villa that was chosen for the celebrations.<\/p>\n\n\n\n<p>In fact, Villa Rizzardi is the <strong>historic Venetian Villa<\/strong> par excellence, surrounded by the splendid <strong>Pojega Garden<\/strong>, famous throughout the world for its wonders and worthy of a film set.<\/p>\n\n\n\n<p>When they arrived they were greeted by friends and family\u2026<\/p>\n\n\n\n<p>The ceremony took place in the <strong>Arena di Verzura<\/strong> which is a truly unique place for such a romantic moment and then \u2026 the party started!<\/p>\n\n\n\n<p>The catering allowed guests to taste the true flavors of <strong>Italian cuisine<\/strong> with an aperitif and a truly state-of-the-art dinner and being in Valpolicella there was no shortage of excellent wines from the Azienda Agricola Guerrieri Rizzardi (produced by one of the 13 historic families producing Amarone)<\/p>\n\n\n\n<p>The floral decorations were created by Vesaire, the florists who are friends of the spouses, who came directly from <strong>Istanbul<\/strong> to create the decorations for this wedding with a palette of colors that represented the joy and happiness of the couple: salmon, coral, green, ivory, white, all colors blended together with skilful creativity and a vintage touch.<\/p>\n\n\n\n<p>After changes of dress, dances, fireworks and the songs in French that the bride sang for her beloved Emirhan, the reception ended almost at dawn \u2026<\/p>\n\n\n\n<p>The next day we continued the celebrations with a classic chic brunch at the Villa rented exclusively for them for 3 days. We will never forget this vivacious and effervescent couple.<\/p>\n\n\n<div class=\"wp-block-image\">\n<figure class=\"aligncenter size-large\"><img loading=\"lazy\" decoding=\"async\" width=\"1024\" height=\"757\" src=\"http:\/\/www.foorevent.it\/wp-content\/uploads\/2021\/06\/wedding-verona-valpolicella-Emiran-e-Serra-1-1024x757.jpg\" alt=\"\" class=\"wp-image-2248\" srcset=\"http:\/\/www.foorevent.it\/wp-content\/uploads\/2021\/06\/wedding-verona-valpolicella-Emiran-e-Serra-1-1024x757.jpg 1024w, http:\/\/www.foorevent.it\/wp-content\/uploads\/2021\/06\/wedding-verona-valpolicella-Emiran-e-Serra-1-300x222.jpg 300w, http:\/\/www.foorevent.it\/wp-content\/uploads\/2021\/06\/wedding-verona-valpolicella-Emiran-e-Serra-1-768x567.jpg 768w, http:\/\/www.foorevent.it\/wp-content\/uploads\/2021\/06\/wedding-verona-valpolicella-Emiran-e-Serra-1.jpg 1386w\" sizes=\"auto, (max-width: 1024px) 100vw, 1024px\" \/><\/figure>\n<\/div>\n\n<div class=\"wp-block-image\">\n<figure class=\"aligncenter size-large\"><img loading=\"lazy\" decoding=\"async\" width=\"1024\" height=\"683\" src=\"http:\/\/www.foorevent.it\/wp-content\/uploads\/2021\/04\/wedding-verona-valpolicella-Emiran-e-Serra-2.jpg\" alt=\"wedding verona valpolicella Emiran e Serra \" class=\"wp-image-2134\" srcset=\"http:\/\/www.foorevent.it\/wp-content\/uploads\/2021\/04\/wedding-verona-valpolicella-Emiran-e-Serra-2.jpg 1024w, http:\/\/www.foorevent.it\/wp-content\/uploads\/2021\/04\/wedding-verona-valpolicella-Emiran-e-Serra-2-300x200.jpg 300w, http:\/\/www.foorevent.it\/wp-content\/uploads\/2021\/04\/wedding-verona-valpolicella-Emiran-e-Serra-2-768x512.jpg 768w\" sizes=\"auto, (max-width: 1024px) 100vw, 1024px\" \/><\/figure>\n<\/div>\n\n<div class=\"wp-block-image\">\n<figure class=\"aligncenter size-large\"><img loading=\"lazy\" decoding=\"async\" width=\"1024\" height=\"683\" src=\"http:\/\/www.foorevent.it\/wp-content\/uploads\/2021\/04\/wedding-verona-valpolicella-Emiran-e-Serra-3.jpg\" alt=\"wedding verona valpolicella Emiran e Serra \" class=\"wp-image-2135\" srcset=\"http:\/\/www.foorevent.it\/wp-content\/uploads\/2021\/04\/wedding-verona-valpolicella-Emiran-e-Serra-3.jpg 1024w, http:\/\/www.foorevent.it\/wp-content\/uploads\/2021\/04\/wedding-verona-valpolicella-Emiran-e-Serra-3-300x200.jpg 300w, http:\/\/www.foorevent.it\/wp-content\/uploads\/2021\/04\/wedding-verona-valpolicella-Emiran-e-Serra-3-768x512.jpg 768w\" sizes=\"auto, (max-width: 1024px) 100vw, 1024px\" \/><\/figure>\n<\/div>\n\n<div class=\"wp-block-image\">\n<figure class=\"aligncenter size-large\"><img loading=\"lazy\" decoding=\"async\" width=\"1024\" height=\"683\" src=\"http:\/\/www.foorevent.it\/wp-content\/uploads\/2021\/04\/wedding-verona-valpolicella-Emiran-e-Serra-4.jpg\" alt=\"wedding verona valpolicella Emiran e Serra \" class=\"wp-image-2136\" srcset=\"http:\/\/www.foorevent.it\/wp-content\/uploads\/2021\/04\/wedding-verona-valpolicella-Emiran-e-Serra-4.jpg 1024w, http:\/\/www.foorevent.it\/wp-content\/uploads\/2021\/04\/wedding-verona-valpolicella-Emiran-e-Serra-4-300x200.jpg 300w, http:\/\/www.foorevent.it\/wp-content\/uploads\/2021\/04\/wedding-verona-valpolicella-Emiran-e-Serra-4-768x512.jpg 768w\" sizes=\"auto, (max-width: 1024px) 100vw, 1024px\" \/><\/figure>\n<\/div>\n\n<div class=\"wp-block-image\">\n<figure class=\"aligncenter size-large\"><img loading=\"lazy\" decoding=\"async\" width=\"1024\" height=\"757\" src=\"http:\/\/www.foorevent.it\/wp-content\/uploads\/2021\/06\/wedding-verona-valpolicella-Emiran-e-Serra-5-1024x757.jpg\" alt=\"\" class=\"wp-image-2251\" srcset=\"http:\/\/www.foorevent.it\/wp-content\/uploads\/2021\/06\/wedding-verona-valpolicella-Emiran-e-Serra-5-1024x757.jpg 1024w, http:\/\/www.foorevent.it\/wp-content\/uploads\/2021\/06\/wedding-verona-valpolicella-Emiran-e-Serra-5-300x222.jpg 300w, http:\/\/www.foorevent.it\/wp-content\/uploads\/2021\/06\/wedding-verona-valpolicella-Emiran-e-Serra-5-768x567.jpg 768w, http:\/\/www.foorevent.it\/wp-content\/uploads\/2021\/06\/wedding-verona-valpolicella-Emiran-e-Serra-5.jpg 1386w\" sizes=\"auto, (max-width: 1024px) 100vw, 1024px\" \/><\/figure>\n<\/div>\n\n<div class=\"wp-block-image\">\n<figure class=\"aligncenter size-large\"><img loading=\"lazy\" decoding=\"async\" width=\"1024\" height=\"683\" src=\"http:\/\/www.foorevent.it\/wp-content\/uploads\/2021\/04\/wedding-verona-valpolicella-Emiran-e-Serra-7.jpg\" alt=\"wedding verona valpolicella Emiran e Serra \" class=\"wp-image-2139\" srcset=\"http:\/\/www.foorevent.it\/wp-content\/uploads\/2021\/04\/wedding-verona-valpolicella-Emiran-e-Serra-7.jpg 1024w, http:\/\/www.foorevent.it\/wp-content\/uploads\/2021\/04\/wedding-verona-valpolicella-Emiran-e-Serra-7-300x200.jpg 300w, http:\/\/www.foorevent.it\/wp-content\/uploads\/2021\/04\/wedding-verona-valpolicella-Emiran-e-Serra-7-768x512.jpg 768w\" sizes=\"auto, (max-width: 1024px) 100vw, 1024px\" \/><\/figure>\n<\/div>\n\n<div class=\"wp-block-image\">\n<figure class=\"aligncenter size-large\"><img loading=\"lazy\" decoding=\"async\" width=\"1024\" height=\"683\" src=\"http:\/\/www.foorevent.it\/wp-content\/uploads\/2021\/04\/wedding-verona-valpolicella-Emiran-e-Serra-8.jpg\" alt=\"wedding verona valpolicella Emiran e Serra \" class=\"wp-image-2140\" srcset=\"http:\/\/www.foorevent.it\/wp-content\/uploads\/2021\/04\/wedding-verona-valpolicella-Emiran-e-Serra-8.jpg 1024w, http:\/\/www.foorevent.it\/wp-content\/uploads\/2021\/04\/wedding-verona-valpolicella-Emiran-e-Serra-8-300x200.jpg 300w, http:\/\/www.foorevent.it\/wp-content\/uploads\/2021\/04\/wedding-verona-valpolicella-Emiran-e-Serra-8-768x512.jpg 768w\" sizes=\"auto, (max-width: 1024px) 100vw, 1024px\" \/><\/figure>\n<\/div>\n\n<div class=\"wp-block-image\">\n<figure class=\"aligncenter size-large\"><img loading=\"lazy\" decoding=\"async\" width=\"1024\" height=\"576\" src=\"http:\/\/www.foorevent.it\/wp-content\/uploads\/2021\/04\/wedding-verona-valpolicella-Emiran-e-Serra-9-1024x576.jpg\" alt=\"wedding verona valpolicella Emiran e Serra \" class=\"wp-image-2141\" srcset=\"http:\/\/www.foorevent.it\/wp-content\/uploads\/2021\/04\/wedding-verona-valpolicella-Emiran-e-Serra-9-1024x576.jpg 1024w, http:\/\/www.foorevent.it\/wp-content\/uploads\/2021\/04\/wedding-verona-valpolicella-Emiran-e-Serra-9-300x169.jpg 300w, http:\/\/www.foorevent.it\/wp-content\/uploads\/2021\/04\/wedding-verona-valpolicella-Emiran-e-Serra-9-768x432.jpg 768w, http:\/\/www.foorevent.it\/wp-content\/uploads\/2021\/04\/wedding-verona-valpolicella-Emiran-e-Serra-9-1536x864.jpg 1536w, http:\/\/www.foorevent.it\/wp-content\/uploads\/2021\/04\/wedding-verona-valpolicella-Emiran-e-Serra-9-2048x1152.jpg 2048w\" sizes=\"auto, (max-width: 1024px) 100vw, 1024px\" \/><\/figure>\n<\/div>\n\n<div class=\"wp-block-image\">\n<figure class=\"aligncenter size-large\"><img loading=\"lazy\" decoding=\"async\" width=\"1024\" height=\"683\" src=\"http:\/\/www.foorevent.it\/wp-content\/uploads\/2021\/04\/wedding-verona-valpolicella-Emiran-e-Serra-10.jpg\" alt=\"wedding verona valpolicella Emiran e Serra \" class=\"wp-image-2142\" srcset=\"http:\/\/www.foorevent.it\/wp-content\/uploads\/2021\/04\/wedding-verona-valpolicella-Emiran-e-Serra-10.jpg 1024w, http:\/\/www.foorevent.it\/wp-content\/uploads\/2021\/04\/wedding-verona-valpolicella-Emiran-e-Serra-10-300x200.jpg 300w, http:\/\/www.foorevent.it\/wp-content\/uploads\/2021\/04\/wedding-verona-valpolicella-Emiran-e-Serra-10-768x512.jpg 768w\" sizes=\"auto, (max-width: 1024px) 100vw, 1024px\" \/><\/figure>\n<\/div>\n\n<div class=\"wp-block-image\">\n<figure class=\"aligncenter size-large\"><img loading=\"lazy\" decoding=\"async\" width=\"1024\" height=\"757\" src=\"http:\/\/www.foorevent.it\/wp-content\/uploads\/2021\/06\/wedding-verona-valpolicella-Emiran-e-Serra-11-1024x757.jpg\" alt=\"\" class=\"wp-image-2253\" srcset=\"http:\/\/www.foorevent.it\/wp-content\/uploads\/2021\/06\/wedding-verona-valpolicella-Emiran-e-Serra-11-1024x757.jpg 1024w, http:\/\/www.foorevent.it\/wp-content\/uploads\/2021\/06\/wedding-verona-valpolicella-Emiran-e-Serra-11-300x222.jpg 300w, http:\/\/www.foorevent.it\/wp-content\/uploads\/2021\/06\/wedding-verona-valpolicella-Emiran-e-Serra-11-768x568.jpg 768w, http:\/\/www.foorevent.it\/wp-content\/uploads\/2021\/06\/wedding-verona-valpolicella-Emiran-e-Serra-11.jpg 1386w\" sizes=\"auto, (max-width: 1024px) 100vw, 1024px\" \/><\/figure>\n<\/div>\n\n<div class=\"wp-block-image\">\n<figure class=\"aligncenter size-large\"><img loading=\"lazy\" decoding=\"async\" width=\"1024\" height=\"683\" src=\"http:\/\/www.foorevent.it\/wp-content\/uploads\/2021\/04\/wedding-verona-valpolicella-Emiran-e-Serra-12.jpg\" alt=\"wedding verona valpolicella Emiran e Serra \" class=\"wp-image-2144\" srcset=\"http:\/\/www.foorevent.it\/wp-content\/uploads\/2021\/04\/wedding-verona-valpolicella-Emiran-e-Serra-12.jpg 1024w, http:\/\/www.foorevent.it\/wp-content\/uploads\/2021\/04\/wedding-verona-valpolicella-Emiran-e-Serra-12-300x200.jpg 300w, http:\/\/www.foorevent.it\/wp-content\/uploads\/2021\/04\/wedding-verona-valpolicella-Emiran-e-Serra-12-768x512.jpg 768w\" sizes=\"auto, (max-width: 1024px) 100vw, 1024px\" \/><\/figure>\n<\/div>\n\n<div class=\"wp-block-image\">\n<figure class=\"aligncenter size-large\"><img loading=\"lazy\" decoding=\"async\" width=\"1024\" height=\"683\" src=\"http:\/\/www.foorevent.it\/wp-content\/uploads\/2021\/04\/wedding-verona-valpolicella-Emiran-e-Serra-13.jpg\" alt=\"wedding verona valpolicella Emiran e Serra \" class=\"wp-image-2145\" srcset=\"http:\/\/www.foorevent.it\/wp-content\/uploads\/2021\/04\/wedding-verona-valpolicella-Emiran-e-Serra-13.jpg 1024w, http:\/\/www.foorevent.it\/wp-content\/uploads\/2021\/04\/wedding-verona-valpolicella-Emiran-e-Serra-13-300x200.jpg 300w, http:\/\/www.foorevent.it\/wp-content\/uploads\/2021\/04\/wedding-verona-valpolicella-Emiran-e-Serra-13-768x512.jpg 768w\" sizes=\"auto, (max-width: 1024px) 100vw, 1024px\" \/><\/figure>\n<\/div>\n\n<div class=\"wp-block-image\">\n<figure class=\"aligncenter size-large\"><img loading=\"lazy\" decoding=\"async\" width=\"1024\" height=\"683\" src=\"http:\/\/www.foorevent.it\/wp-content\/uploads\/2021\/04\/wedding-verona-valpolicella-Emiran-e-Serra-14.jpg\" alt=\"wedding verona valpolicella Emiran e Serra \" class=\"wp-image-2146\" srcset=\"http:\/\/www.foorevent.it\/wp-content\/uploads\/2021\/04\/wedding-verona-valpolicella-Emiran-e-Serra-14.jpg 1024w, http:\/\/www.foorevent.it\/wp-content\/uploads\/2021\/04\/wedding-verona-valpolicella-Emiran-e-Serra-14-300x200.jpg 300w, http:\/\/www.foorevent.it\/wp-content\/uploads\/2021\/04\/wedding-verona-valpolicella-Emiran-e-Serra-14-768x512.jpg 768w\" sizes=\"auto, (max-width: 1024px) 100vw, 1024px\" \/><\/figure>\n<\/div>\n\n<div class=\"wp-block-image\">\n<figure class=\"aligncenter size-large\"><img loading=\"lazy\" decoding=\"async\" width=\"1024\" height=\"683\" src=\"http:\/\/www.foorevent.it\/wp-content\/uploads\/2021\/04\/wedding-verona-valpolicella-Emiran-e-Serra-15.jpg\" alt=\"wedding verona valpolicella Emiran e Serra \" class=\"wp-image-2147\" srcset=\"http:\/\/www.foorevent.it\/wp-content\/uploads\/2021\/04\/wedding-verona-valpolicella-Emiran-e-Serra-15.jpg 1024w, http:\/\/www.foorevent.it\/wp-content\/uploads\/2021\/04\/wedding-verona-valpolicella-Emiran-e-Serra-15-300x200.jpg 300w, http:\/\/www.foorevent.it\/wp-content\/uploads\/2021\/04\/wedding-verona-valpolicella-Emiran-e-Serra-15-768x512.jpg 768w\" sizes=\"auto, (max-width: 1024px) 100vw, 1024px\" \/><\/figure>\n<\/div>\n\n<div class=\"wp-block-image\">\n<figure class=\"aligncenter size-large\"><img loading=\"lazy\" decoding=\"async\" width=\"1024\" height=\"757\" src=\"http:\/\/www.foorevent.it\/wp-content\/uploads\/2021\/06\/wedding-verona-valpolicella-Emiran-e-Serra-16-1024x757.jpg\" alt=\"\" class=\"wp-image-2255\" srcset=\"http:\/\/www.foorevent.it\/wp-content\/uploads\/2021\/06\/wedding-verona-valpolicella-Emiran-e-Serra-16-1024x757.jpg 1024w, http:\/\/www.foorevent.it\/wp-content\/uploads\/2021\/06\/wedding-verona-valpolicella-Emiran-e-Serra-16-300x222.jpg 300w, http:\/\/www.foorevent.it\/wp-content\/uploads\/2021\/06\/wedding-verona-valpolicella-Emiran-e-Serra-16-768x567.jpg 768w, http:\/\/www.foorevent.it\/wp-content\/uploads\/2021\/06\/wedding-verona-valpolicella-Emiran-e-Serra-16.jpg 1386w\" sizes=\"auto, (max-width: 1024px) 100vw, 1024px\" \/><\/figure>\n<\/div>\n\n<div class=\"wp-block-image\">\n<figure class=\"aligncenter size-large\"><img loading=\"lazy\" decoding=\"async\" width=\"1024\" height=\"683\" src=\"http:\/\/www.foorevent.it\/wp-content\/uploads\/2021\/04\/wedding-verona-valpolicella-Emiran-e-Serra-17.jpg\" alt=\"wedding verona valpolicella Emiran e Serra \" class=\"wp-image-2149\" srcset=\"http:\/\/www.foorevent.it\/wp-content\/uploads\/2021\/04\/wedding-verona-valpolicella-Emiran-e-Serra-17.jpg 1024w, http:\/\/www.foorevent.it\/wp-content\/uploads\/2021\/04\/wedding-verona-valpolicella-Emiran-e-Serra-17-300x200.jpg 300w, http:\/\/www.foorevent.it\/wp-content\/uploads\/2021\/04\/wedding-verona-valpolicella-Emiran-e-Serra-17-768x512.jpg 768w\" sizes=\"auto, (max-width: 1024px) 100vw, 1024px\" \/><\/figure>\n<\/div>\n\n<div class=\"wp-block-image\">\n<figure class=\"aligncenter size-large\"><img loading=\"lazy\" decoding=\"async\" width=\"1024\" height=\"757\" src=\"http:\/\/www.foorevent.it\/wp-content\/uploads\/2021\/06\/wedding-verona-valpolicella-Emiran-e-Serra-18-1024x757.jpg\" alt=\"\" class=\"wp-image-2257\" srcset=\"http:\/\/www.foorevent.it\/wp-content\/uploads\/2021\/06\/wedding-verona-valpolicella-Emiran-e-Serra-18-1024x757.jpg 1024w, http:\/\/www.foorevent.it\/wp-content\/uploads\/2021\/06\/wedding-verona-valpolicella-Emiran-e-Serra-18-300x222.jpg 300w, http:\/\/www.foorevent.it\/wp-content\/uploads\/2021\/06\/wedding-verona-valpolicella-Emiran-e-Serra-18-768x567.jpg 768w, http:\/\/www.foorevent.it\/wp-content\/uploads\/2021\/06\/wedding-verona-valpolicella-Emiran-e-Serra-18.jpg 1386w\" sizes=\"auto, (max-width: 1024px) 100vw, 1024px\" \/><\/figure>\n<\/div>\n\n<div class=\"wp-block-image\">\n<figure class=\"aligncenter size-large\"><img loading=\"lazy\" decoding=\"async\" width=\"1024\" height=\"757\" src=\"http:\/\/www.foorevent.it\/wp-content\/uploads\/2021\/06\/wedding-verona-valpolicella-Emiran-e-Serra-19-1024x757.jpg\" alt=\"\" class=\"wp-image-2259\" srcset=\"http:\/\/www.foorevent.it\/wp-content\/uploads\/2021\/06\/wedding-verona-valpolicella-Emiran-e-Serra-19-1024x757.jpg 1024w, http:\/\/www.foorevent.it\/wp-content\/uploads\/2021\/06\/wedding-verona-valpolicella-Emiran-e-Serra-19-300x222.jpg 300w, http:\/\/www.foorevent.it\/wp-content\/uploads\/2021\/06\/wedding-verona-valpolicella-Emiran-e-Serra-19-768x567.jpg 768w, http:\/\/www.foorevent.it\/wp-content\/uploads\/2021\/06\/wedding-verona-valpolicella-Emiran-e-Serra-19.jpg 1386w\" sizes=\"auto, (max-width: 1024px) 100vw, 1024px\" \/><\/figure>\n<\/div>\n\n<div class=\"wp-block-image\">\n<figure class=\"aligncenter size-large\"><img loading=\"lazy\" decoding=\"async\" width=\"1024\" height=\"683\" src=\"http:\/\/www.foorevent.it\/wp-content\/uploads\/2021\/04\/wedding-verona-valpolicella-Emiran-e-Serra-21.jpg\" alt=\"wedding verona valpolicella Emiran e Serra \" class=\"wp-image-2153\" srcset=\"http:\/\/www.foorevent.it\/wp-content\/uploads\/2021\/04\/wedding-verona-valpolicella-Emiran-e-Serra-21.jpg 1024w, http:\/\/www.foorevent.it\/wp-content\/uploads\/2021\/04\/wedding-verona-valpolicella-Emiran-e-Serra-21-300x200.jpg 300w, http:\/\/www.foorevent.it\/wp-content\/uploads\/2021\/04\/wedding-verona-valpolicella-Emiran-e-Serra-21-768x512.jpg 768w\" sizes=\"auto, (max-width: 1024px) 100vw, 1024px\" \/><\/figure>\n<\/div>\n\n\n<p>Event Planning: Foorevent<\/p>\n\n\n\n<p>Photography: Puci wedding<\/p>\n\n\n\n<p>Videography: Punica Film<\/p>\n\n\n\n<p>Ceremony\/Reception Venue: VillaRizzardi<\/p>\n\n\n\n<p>Accommodation: Villa Giona<\/p>\n\n\n\n<p>Makeup artists: Daniele Gragnato<\/p>\n\n\n\n<p>Hairdresser: Denis Zorzi<\/p>\n\n\n\n<p>Catering: Food &amp; Sweet<\/p>\n\n\n\n<p>Flowers decoration: Vesaire<\/p>\n\n\n\n<p>Bride\u2019s Wedding dresses:<\/p>\n\n\n\n<p>Per cerimonia e aperitivo: G\u0131yafer Bulut, modello ispirato agli anni \u201950 Nina Ricci.<\/p>\n\n\n\n<p>Per la cena abito Pronovias di Vakko Couture.<\/p>\n\n\n\n<p>Per la festa dopo cena: Sudietuz (\u015eans\u0131m Adal\u0131) &nbsp;&nbsp;<\/p>\n\n\n\n<p>Brid\u2019s shoes: Celine e Sies Marjan<\/p>\n\n\n\n<p>Groom\u2019s&nbsp; suit:<\/p>\n\n\n\n<p>Per la cerimonia: un tight sartoriale.<\/p>\n\n\n\n<p>Per il ricevimento: un abito sartoriale pi\u00f9 informale di colore beige. Calzature dello sposo: Moreschi Campanile<\/p>\n","protected":false},"excerpt":{"rendered":"<p>For Emirhan and Serra, a young couple from Istanbul, we designed an event which blended together the true flavor of Fellini&#8217;s Dolce Vita \u2026 with the touch of glamor that distinguishes these young spouses in whose love different nationalities meet: Turkish, Mexican, French \u2026 In short, a true international event. Their magical set was the&#8230; <\/p>\n<div class=\"clear\"><\/div>\n<p><a href=\"http:\/\/www.foorevent.it\/en\/2019\/07\/wedding-verona-valpolicella-emiran-e-serra\/\" class=\"excerpt-read-more\">Read More<\/a><\/p>\n","protected":false},"author":4,"featured_media":2177,"comment_status":"open","ping_status":"open","sticky":false,"template":"","format":"standard","meta":{"_monsterinsights_skip_tracking":false,"_monsterinsights_sitenote_active":false,"_monsterinsights_sitenote_note":"","_monsterinsights_sitenote_category":0,"footnotes":""},"categories":[17],"tags":[],"class_list":["post-2348","post","type-post","status-publish","format-standard","has-post-thumbnail","hentry","category-un-categorized"],"yoast_head":"<!-- This site is optimized with the Yoast SEO plugin v27.5 - https:\/\/yoast.com\/product\/yoast-seo-wordpress\/ -->\n<title>Serra e Emirhan - Foorevent<\/title>\n<meta name=\"robots\" content=\"index, follow, max-snippet:-1, max-image-preview:large, max-video-preview:-1\" \/>\n<link rel=\"canonical\" href=\"https:\/\/www.foorevent.it\/en\/2019\/07\/wedding-verona-valpolicella-emiran-e-serra\/\" \/>\n<meta property=\"og:locale\" content=\"en_US\" \/>\n<meta property=\"og:type\" content=\"article\" \/>\n<meta property=\"og:title\" content=\"Serra e Emirhan - Foorevent\" \/>\n<meta property=\"og:description\" content=\"For Emirhan and Serra, a young couple from Istanbul, we designed an event which blended together the true flavor of Fellini&#8217;s Dolce Vita \u2026 with the touch of glamor that distinguishes these young spouses in whose love different nationalities meet: Turkish, Mexican, French \u2026 In short, a true international event. Their magical set was the... Read More\" \/>\n<meta property=\"og:url\" content=\"https:\/\/www.foorevent.it\/en\/2019\/07\/wedding-verona-valpolicella-emiran-e-serra\/\" \/>\n<meta property=\"og:site_name\" content=\"Foorevent\" \/>\n<meta property=\"article:published_time\" content=\"2019-07-13T16:00:41+00:00\" \/>\n<meta property=\"article:modified_time\" content=\"2022-09-04T10:38:35+00:00\" \/>\n<meta property=\"og:image\" content=\"https:\/\/www.foorevent.it\/wp-content\/uploads\/2021\/04\/wedding-verona-valpolicella-Emiran-e-Serra-16.jpg\" \/>\n\t<meta property=\"og:image:width\" content=\"1024\" \/>\n\t<meta property=\"og:image:height\" content=\"1536\" \/>\n\t<meta property=\"og:image:type\" content=\"image\/jpeg\" \/>\n<meta name=\"author\" content=\"Sonia Rovetti\" \/>\n<meta name=\"twitter:card\" content=\"summary_large_image\" \/>\n<meta name=\"twitter:label1\" content=\"Written by\" \/>\n\t<meta name=\"twitter:data1\" content=\"Sonia Rovetti\" \/>\n\t<meta name=\"twitter:label2\" content=\"Est. reading time\" \/>\n\t<meta name=\"twitter:data2\" content=\"7 minutes\" \/>\n<script type=\"application\/ld+json\" class=\"yoast-schema-graph\">{\"@context\":\"https:\\\/\\\/schema.org\",\"@graph\":[{\"@type\":\"Article\",\"@id\":\"https:\\\/\\\/www.foorevent.it\\\/en\\\/2019\\\/07\\\/wedding-verona-valpolicella-emiran-e-serra\\\/#article\",\"isPartOf\":{\"@id\":\"https:\\\/\\\/www.foorevent.it\\\/en\\\/2019\\\/07\\\/wedding-verona-valpolicella-emiran-e-serra\\\/\"},\"author\":{\"name\":\"Sonia Rovetti\",\"@id\":\"http:\\\/\\\/www.foorevent.it\\\/en\\\/#\\\/schema\\\/person\\\/4e20a9a858fd9fda152b02130f9c66a3\"},\"headline\":\"Serra e Emirhan\",\"datePublished\":\"2019-07-13T16:00:41+00:00\",\"dateModified\":\"2022-09-04T10:38:35+00:00\",\"mainEntityOfPage\":{\"@id\":\"https:\\\/\\\/www.foorevent.it\\\/en\\\/2019\\\/07\\\/wedding-verona-valpolicella-emiran-e-serra\\\/\"},\"wordCount\":544,\"commentCount\":0,\"publisher\":{\"@id\":\"http:\\\/\\\/www.foorevent.it\\\/en\\\/#organization\"},\"image\":{\"@id\":\"https:\\\/\\\/www.foorevent.it\\\/en\\\/2019\\\/07\\\/wedding-verona-valpolicella-emiran-e-serra\\\/#primaryimage\"},\"thumbnailUrl\":\"http:\\\/\\\/www.foorevent.it\\\/wp-content\\\/uploads\\\/2021\\\/04\\\/wedding-verona-valpolicella-Emiran-e-Serra-16.jpg\",\"articleSection\":[\"Un-categorized\"],\"inLanguage\":\"en-US\",\"potentialAction\":[{\"@type\":\"CommentAction\",\"name\":\"Comment\",\"target\":[\"https:\\\/\\\/www.foorevent.it\\\/en\\\/2019\\\/07\\\/wedding-verona-valpolicella-emiran-e-serra\\\/#respond\"]}]},{\"@type\":\"WebPage\",\"@id\":\"https:\\\/\\\/www.foorevent.it\\\/en\\\/2019\\\/07\\\/wedding-verona-valpolicella-emiran-e-serra\\\/\",\"url\":\"https:\\\/\\\/www.foorevent.it\\\/en\\\/2019\\\/07\\\/wedding-verona-valpolicella-emiran-e-serra\\\/\",\"name\":\"Serra e Emirhan - Foorevent\",\"isPartOf\":{\"@id\":\"http:\\\/\\\/www.foorevent.it\\\/en\\\/#website\"},\"primaryImageOfPage\":{\"@id\":\"https:\\\/\\\/www.foorevent.it\\\/en\\\/2019\\\/07\\\/wedding-verona-valpolicella-emiran-e-serra\\\/#primaryimage\"},\"image\":{\"@id\":\"https:\\\/\\\/www.foorevent.it\\\/en\\\/2019\\\/07\\\/wedding-verona-valpolicella-emiran-e-serra\\\/#primaryimage\"},\"thumbnailUrl\":\"http:\\\/\\\/www.foorevent.it\\\/wp-content\\\/uploads\\\/2021\\\/04\\\/wedding-verona-valpolicella-Emiran-e-Serra-16.jpg\",\"datePublished\":\"2019-07-13T16:00:41+00:00\",\"dateModified\":\"2022-09-04T10:38:35+00:00\",\"breadcrumb\":{\"@id\":\"https:\\\/\\\/www.foorevent.it\\\/en\\\/2019\\\/07\\\/wedding-verona-valpolicella-emiran-e-serra\\\/#breadcrumb\"},\"inLanguage\":\"en-US\",\"potentialAction\":[{\"@type\":\"ReadAction\",\"target\":[\"https:\\\/\\\/www.foorevent.it\\\/en\\\/2019\\\/07\\\/wedding-verona-valpolicella-emiran-e-serra\\\/\"]}]},{\"@type\":\"ImageObject\",\"inLanguage\":\"en-US\",\"@id\":\"https:\\\/\\\/www.foorevent.it\\\/en\\\/2019\\\/07\\\/wedding-verona-valpolicella-emiran-e-serra\\\/#primaryimage\",\"url\":\"http:\\\/\\\/www.foorevent.it\\\/wp-content\\\/uploads\\\/2021\\\/04\\\/wedding-verona-valpolicella-Emiran-e-Serra-16.jpg\",\"contentUrl\":\"http:\\\/\\\/www.foorevent.it\\\/wp-content\\\/uploads\\\/2021\\\/04\\\/wedding-verona-valpolicella-Emiran-e-Serra-16.jpg\",\"width\":1024,\"height\":1536,\"caption\":\"wedding verona valpolicella Emiran e Serra\"},{\"@type\":\"BreadcrumbList\",\"@id\":\"https:\\\/\\\/www.foorevent.it\\\/en\\\/2019\\\/07\\\/wedding-verona-valpolicella-emiran-e-serra\\\/#breadcrumb\",\"itemListElement\":[{\"@type\":\"ListItem\",\"position\":1,\"name\":\"Home\",\"item\":\"http:\\\/\\\/www.foorevent.it\\\/en\\\/\"},{\"@type\":\"ListItem\",\"position\":2,\"name\":\"Serra e Emirhan\"}]},{\"@type\":\"WebSite\",\"@id\":\"http:\\\/\\\/www.foorevent.it\\\/en\\\/#website\",\"url\":\"http:\\\/\\\/www.foorevent.it\\\/en\\\/\",\"name\":\"Foorevent\",\"description\":\"Wedding and more\",\"publisher\":{\"@id\":\"http:\\\/\\\/www.foorevent.it\\\/en\\\/#organization\"},\"potentialAction\":[{\"@type\":\"SearchAction\",\"target\":{\"@type\":\"EntryPoint\",\"urlTemplate\":\"http:\\\/\\\/www.foorevent.it\\\/en\\\/?s={search_term_string}\"},\"query-input\":{\"@type\":\"PropertyValueSpecification\",\"valueRequired\":true,\"valueName\":\"search_term_string\"}}],\"inLanguage\":\"en-US\"},{\"@type\":\"Organization\",\"@id\":\"http:\\\/\\\/www.foorevent.it\\\/en\\\/#organization\",\"name\":\"Foorevent\",\"url\":\"http:\\\/\\\/www.foorevent.it\\\/en\\\/\",\"logo\":{\"@type\":\"ImageObject\",\"inLanguage\":\"en-US\",\"@id\":\"http:\\\/\\\/www.foorevent.it\\\/en\\\/#\\\/schema\\\/logo\\\/image\\\/\",\"url\":\"http:\\\/\\\/www.foorevent.it\\\/wp-content\\\/uploads\\\/2016\\\/03\\\/logo_website.png\",\"contentUrl\":\"http:\\\/\\\/www.foorevent.it\\\/wp-content\\\/uploads\\\/2016\\\/03\\\/logo_website.png\",\"width\":500,\"height\":104,\"caption\":\"Foorevent\"},\"image\":{\"@id\":\"http:\\\/\\\/www.foorevent.it\\\/en\\\/#\\\/schema\\\/logo\\\/image\\\/\"}},{\"@type\":\"Person\",\"@id\":\"http:\\\/\\\/www.foorevent.it\\\/en\\\/#\\\/schema\\\/person\\\/4e20a9a858fd9fda152b02130f9c66a3\",\"name\":\"Sonia Rovetti\",\"image\":{\"@type\":\"ImageObject\",\"inLanguage\":\"en-US\",\"@id\":\"https:\\\/\\\/secure.gravatar.com\\\/avatar\\\/9a0e2f73e71ef36a39eaf52abb295df9eca5ef198ad0f88880f3def632ac03e2?s=96&d=mm&r=g\",\"url\":\"https:\\\/\\\/secure.gravatar.com\\\/avatar\\\/9a0e2f73e71ef36a39eaf52abb295df9eca5ef198ad0f88880f3def632ac03e2?s=96&d=mm&r=g\",\"contentUrl\":\"https:\\\/\\\/secure.gravatar.com\\\/avatar\\\/9a0e2f73e71ef36a39eaf52abb295df9eca5ef198ad0f88880f3def632ac03e2?s=96&d=mm&r=g\",\"caption\":\"Sonia Rovetti\"},\"url\":\"http:\\\/\\\/www.foorevent.it\\\/en\\\/author\\\/sonia\\\/\"}]}<\/script>\n<!-- \/ Yoast SEO plugin. -->","yoast_head_json":{"title":"Serra e Emirhan - Foorevent","robots":{"index":"index","follow":"follow","max-snippet":"max-snippet:-1","max-image-preview":"max-image-preview:large","max-video-preview":"max-video-preview:-1"},"canonical":"https:\/\/www.foorevent.it\/en\/2019\/07\/wedding-verona-valpolicella-emiran-e-serra\/","og_locale":"en_US","og_type":"article","og_title":"Serra e Emirhan - Foorevent","og_description":"For Emirhan and Serra, a young couple from Istanbul, we designed an event which blended together the true flavor of Fellini&#8217;s Dolce Vita \u2026 with the touch of glamor that distinguishes these young spouses in whose love different nationalities meet: Turkish, Mexican, French \u2026 In short, a true international event. Their magical set was the... Read More","og_url":"https:\/\/www.foorevent.it\/en\/2019\/07\/wedding-verona-valpolicella-emiran-e-serra\/","og_site_name":"Foorevent","article_published_time":"2019-07-13T16:00:41+00:00","article_modified_time":"2022-09-04T10:38:35+00:00","og_image":[{"width":1024,"height":1536,"url":"https:\/\/www.foorevent.it\/wp-content\/uploads\/2021\/04\/wedding-verona-valpolicella-Emiran-e-Serra-16.jpg","type":"image\/jpeg"}],"author":"Sonia Rovetti","twitter_card":"summary_large_image","twitter_misc":{"Written by":"Sonia Rovetti","Est. reading time":"7 minutes"},"schema":{"@context":"https:\/\/schema.org","@graph":[{"@type":"Article","@id":"https:\/\/www.foorevent.it\/en\/2019\/07\/wedding-verona-valpolicella-emiran-e-serra\/#article","isPartOf":{"@id":"https:\/\/www.foorevent.it\/en\/2019\/07\/wedding-verona-valpolicella-emiran-e-serra\/"},"author":{"name":"Sonia Rovetti","@id":"http:\/\/www.foorevent.it\/en\/#\/schema\/person\/4e20a9a858fd9fda152b02130f9c66a3"},"headline":"Serra e Emirhan","datePublished":"2019-07-13T16:00:41+00:00","dateModified":"2022-09-04T10:38:35+00:00","mainEntityOfPage":{"@id":"https:\/\/www.foorevent.it\/en\/2019\/07\/wedding-verona-valpolicella-emiran-e-serra\/"},"wordCount":544,"commentCount":0,"publisher":{"@id":"http:\/\/www.foorevent.it\/en\/#organization"},"image":{"@id":"https:\/\/www.foorevent.it\/en\/2019\/07\/wedding-verona-valpolicella-emiran-e-serra\/#primaryimage"},"thumbnailUrl":"http:\/\/www.foorevent.it\/wp-content\/uploads\/2021\/04\/wedding-verona-valpolicella-Emiran-e-Serra-16.jpg","articleSection":["Un-categorized"],"inLanguage":"en-US","potentialAction":[{"@type":"CommentAction","name":"Comment","target":["https:\/\/www.foorevent.it\/en\/2019\/07\/wedding-verona-valpolicella-emiran-e-serra\/#respond"]}]},{"@type":"WebPage","@id":"https:\/\/www.foorevent.it\/en\/2019\/07\/wedding-verona-valpolicella-emiran-e-serra\/","url":"https:\/\/www.foorevent.it\/en\/2019\/07\/wedding-verona-valpolicella-emiran-e-serra\/","name":"Serra e Emirhan - Foorevent","isPartOf":{"@id":"http:\/\/www.foorevent.it\/en\/#website"},"primaryImageOfPage":{"@id":"https:\/\/www.foorevent.it\/en\/2019\/07\/wedding-verona-valpolicella-emiran-e-serra\/#primaryimage"},"image":{"@id":"https:\/\/www.foorevent.it\/en\/2019\/07\/wedding-verona-valpolicella-emiran-e-serra\/#primaryimage"},"thumbnailUrl":"http:\/\/www.foorevent.it\/wp-content\/uploads\/2021\/04\/wedding-verona-valpolicella-Emiran-e-Serra-16.jpg","datePublished":"2019-07-13T16:00:41+00:00","dateModified":"2022-09-04T10:38:35+00:00","breadcrumb":{"@id":"https:\/\/www.foorevent.it\/en\/2019\/07\/wedding-verona-valpolicella-emiran-e-serra\/#breadcrumb"},"inLanguage":"en-US","potentialAction":[{"@type":"ReadAction","target":["https:\/\/www.foorevent.it\/en\/2019\/07\/wedding-verona-valpolicella-emiran-e-serra\/"]}]},{"@type":"ImageObject","inLanguage":"en-US","@id":"https:\/\/www.foorevent.it\/en\/2019\/07\/wedding-verona-valpolicella-emiran-e-serra\/#primaryimage","url":"http:\/\/www.foorevent.it\/wp-content\/uploads\/2021\/04\/wedding-verona-valpolicella-Emiran-e-Serra-16.jpg","contentUrl":"http:\/\/www.foorevent.it\/wp-content\/uploads\/2021\/04\/wedding-verona-valpolicella-Emiran-e-Serra-16.jpg","width":1024,"height":1536,"caption":"wedding verona valpolicella Emiran e Serra"},{"@type":"BreadcrumbList","@id":"https:\/\/www.foorevent.it\/en\/2019\/07\/wedding-verona-valpolicella-emiran-e-serra\/#breadcrumb","itemListElement":[{"@type":"ListItem","position":1,"name":"Home","item":"http:\/\/www.foorevent.it\/en\/"},{"@type":"ListItem","position":2,"name":"Serra e Emirhan"}]},{"@type":"WebSite","@id":"http:\/\/www.foorevent.it\/en\/#website","url":"http:\/\/www.foorevent.it\/en\/","name":"Foorevent","description":"Wedding and more","publisher":{"@id":"http:\/\/www.foorevent.it\/en\/#organization"},"potentialAction":[{"@type":"SearchAction","target":{"@type":"EntryPoint","urlTemplate":"http:\/\/www.foorevent.it\/en\/?s={search_term_string}"},"query-input":{"@type":"PropertyValueSpecification","valueRequired":true,"valueName":"search_term_string"}}],"inLanguage":"en-US"},{"@type":"Organization","@id":"http:\/\/www.foorevent.it\/en\/#organization","name":"Foorevent","url":"http:\/\/www.foorevent.it\/en\/","logo":{"@type":"ImageObject","inLanguage":"en-US","@id":"http:\/\/www.foorevent.it\/en\/#\/schema\/logo\/image\/","url":"http:\/\/www.foorevent.it\/wp-content\/uploads\/2016\/03\/logo_website.png","contentUrl":"http:\/\/www.foorevent.it\/wp-content\/uploads\/2016\/03\/logo_website.png","width":500,"height":104,"caption":"Foorevent"},"image":{"@id":"http:\/\/www.foorevent.it\/en\/#\/schema\/logo\/image\/"}},{"@type":"Person","@id":"http:\/\/www.foorevent.it\/en\/#\/schema\/person\/4e20a9a858fd9fda152b02130f9c66a3","name":"Sonia Rovetti","image":{"@type":"ImageObject","inLanguage":"en-US","@id":"https:\/\/secure.gravatar.com\/avatar\/9a0e2f73e71ef36a39eaf52abb295df9eca5ef198ad0f88880f3def632ac03e2?s=96&d=mm&r=g","url":"https:\/\/secure.gravatar.com\/avatar\/9a0e2f73e71ef36a39eaf52abb295df9eca5ef198ad0f88880f3def632ac03e2?s=96&d=mm&r=g","contentUrl":"https:\/\/secure.gravatar.com\/avatar\/9a0e2f73e71ef36a39eaf52abb295df9eca5ef198ad0f88880f3def632ac03e2?s=96&d=mm&r=g","caption":"Sonia Rovetti"},"url":"http:\/\/www.foorevent.it\/en\/author\/sonia\/"}]}},"_links":{"self":[{"href":"http:\/\/www.foorevent.it\/en\/wp-json\/wp\/v2\/posts\/2348","targetHints":{"allow":["GET"]}}],"collection":[{"href":"http:\/\/www.foorevent.it\/en\/wp-json\/wp\/v2\/posts"}],"about":[{"href":"http:\/\/www.foorevent.it\/en\/wp-json\/wp\/v2\/types\/post"}],"author":[{"embeddable":true,"href":"http:\/\/www.foorevent.it\/en\/wp-json\/wp\/v2\/users\/4"}],"replies":[{"embeddable":true,"href":"http:\/\/www.foorevent.it\/en\/wp-json\/wp\/v2\/comments?post=2348"}],"version-history":[{"count":1,"href":"http:\/\/www.foorevent.it\/en\/wp-json\/wp\/v2\/posts\/2348\/revisions"}],"predecessor-version":[{"id":2349,"href":"http:\/\/www.foorevent.it\/en\/wp-json\/wp\/v2\/posts\/2348\/revisions\/2349"}],"wp:featuredmedia":[{"embeddable":true,"href":"http:\/\/www.foorevent.it\/en\/wp-json\/wp\/v2\/media\/2177"}],"wp:attachment":[{"href":"http:\/\/www.foorevent.it\/en\/wp-json\/wp\/v2\/media?parent=2348"}],"wp:term":[{"taxonomy":"category","embeddable":true,"href":"http:\/\/www.foorevent.it\/en\/wp-json\/wp\/v2\/categories?post=2348"},{"taxonomy":"post_tag","embeddable":true,"href":"http:\/\/www.foorevent.it\/en\/wp-json\/wp\/v2\/tags?post=2348"}],"curies":[{"name":"wp","href":"https:\/\/api.w.org\/{rel}","templated":true}]}}